{"id":1549,"date":"2022-01-14T12:08:31","date_gmt":"2022-01-14T11:08:31","guid":{"rendered":"https:\/\/bruhn-coaching.de\/?p=1549"},"modified":"2022-08-09T14:27:21","modified_gmt":"2022-08-09T12:27:21","slug":"seminar-aus-zeit","status":"publish","type":"post","link":"https:\/\/bruhn-coaching.de\/gb\/seminar-aus-zeit\/","title":{"rendered":"Outdoor-Seminar &#8220;Raus in die Natur: Aus-Zeit f\u00fcr mich&#8221;"},"content":{"rendered":"\n<p>Lassen Sie das, was Sie besch\u00e4ftigt oder gar stresst, einfach mal f\u00fcr ein paar Stunden hinter sich. Stopp! Pause!<\/p>\n\n\n\n<p>Tauchen Sie ein in die Natur und lassen Sie die wohltuenden Kr\u00e4fte des Waldes auf sich wirken. Unterst\u00fctzt wird dieser Effekt durch Impulse aus dem Waldbaden und Natur-Coaching. Sie k\u00f6nnen Ihre Sinne aktivieren, auftanken, sich Ihrer Potentiale bewusst werden und vergessene W\u00fcnsche offenlegen. Zudem entdecken Sie neue Wege und lernen andere Perspektiven kennen. Vielleicht sind Sie auch \u00fcberrascht, wozu die Natur Sie inspirieren und anregen wird. Nach dieser Aus-Zeit kehren Sie gest\u00e4rkt, gekl\u00e4rt und bereit f\u00fcr neue Herausforderungen in Ihren Alltag zur\u00fcck.<\/p>\n\n\n\n<figure class=\"wp-block-image size-large\"><img loading=\"lazy\" decoding=\"async\" width=\"1024\" height=\"576\" src=\"https:\/\/bruhn-coaching.de\/wp-content\/uploads\/2022\/08\/Ausschnitt-Wald1-gespiegelt-1024x576.jpg\" alt=\"\" class=\"wp-image-1680\" srcset=\"https:\/\/bruhn-coaching.de\/wp-content\/uploads\/2022\/08\/Ausschnitt-Wald1-gespiegelt-1024x576.jpg 1024w, https:\/\/bruhn-coaching.de\/wp-content\/uploads\/2022\/08\/Ausschnitt-Wald1-gespiegelt-300x169.jpg 300w, https:\/\/bruhn-coaching.de\/wp-content\/uploads\/2022\/08\/Ausschnitt-Wald1-gespiegelt-768x432.jpg 768w, https:\/\/bruhn-coaching.de\/wp-content\/uploads\/2022\/08\/Ausschnitt-Wald1-gespiegelt-1536x864.jpg 1536w, https:\/\/bruhn-coaching.de\/wp-content\/uploads\/2022\/08\/Ausschnitt-Wald1-gespiegelt-2048x1152.jpg 2048w\" sizes=\"auto, (max-width: 767px) 89vw, (max-width: 1000px) 54vw, (max-width: 1071px) 543px, 580px\" \/><\/figure>\n\n\n\n<p>Das Seminar findet im Rahmen des Programms &#8220;Summer in the City&#8221; des Hospitalhofs Stuttgart statt.<\/p>\n\n\n\n<p><strong>Wann?<\/strong> Freitag, 2. September 2022 von 13:30 Uhr bis 18:30 Uhr<\/p>\n\n\n\n<p><strong>Wo?<\/strong> Treffpunkt: Bahnhof Zuffenhausen, Ausgang Schwieberdinger Stra\u00dfe<\/p>\n\n\n\n<p><strong>Wie?<\/strong> Die <a href=\"https:\/\/www.hospitalhof.de\/programm\/020922-raus-in-die-natur-aus-zeit-fuer-mich\/\" target=\"_blank\" rel=\"noreferrer noopener\">Anmeldung<\/a> erfolgt \u00fcber den <a href=\"https:\/\/www.hospitalhof.de\/\" target=\"_blank\" rel=\"noreferrer noopener\">Hospitalhof Stuttgart<\/a>, Kursnummer 222-113. Die Kursgeb\u00fchr betr\u00e4gt 50,00 \u20ac\/ 45,00 \u20ac bei Buchung bis 19. August 2022.<\/p>\n\n\n\n<figure class=\"wp-block-image size-full\"><a href=\"https:\/\/www.hospitalhof.de\/\" target=\"_blank\" rel=\"noopener\"><img loading=\"lazy\" decoding=\"async\" width=\"472\" height=\"472\" src=\"https:\/\/bruhn-coaching.de\/wp-content\/uploads\/2021\/07\/logo_hospitalhof_cmyk.jpg\" alt=\"\" class=\"wp-image-1464\" srcset=\"https:\/\/bruhn-coaching.de\/wp-content\/uploads\/2021\/07\/logo_hospitalhof_cmyk.jpg 472w, https:\/\/bruhn-coaching.de\/wp-content\/uploads\/2021\/07\/logo_hospitalhof_cmyk-300x300.jpg 300w, https:\/\/bruhn-coaching.de\/wp-content\/uploads\/2021\/07\/logo_hospitalhof_cmyk-150x150.jpg 150w, https:\/\/bruhn-coaching.de\/wp-content\/uploads\/2021\/07\/logo_hospitalhof_cmyk-100x100.jpg 100w\" sizes=\"auto, (max-width: 472px) 100vw, 472px\" \/><\/a><\/figure>\n\n\n\n<p>Zur\u00fcck zu <a href=\"http:\/\/bruhn-coaching.de\/veranstaltungen\" target=\"_blank\" rel=\"noreferrer noopener\">Veranstaltungen<\/a><\/p>\n","protected":false},"excerpt":{"rendered":"<p>Lassen Sie das, was Sie besch\u00e4ftigt oder gar stresst, einfach mal f\u00fcr ein paar Stunden hinter sich. Stopp! Pause! Tauchen Sie ein in die Natur und lassen Sie die wohltuenden Kr\u00e4fte des Waldes auf sich wirken. Unterst\u00fctzt wird dieser Effekt durch Impulse aus dem Waldbaden und Natur-Coaching. Sie k\u00f6nnen Ihre Sinne aktivieren, auftanken, sich Ihrer &hellip; <\/p>\n<p class=\"link-more\"><a href=\"https:\/\/bruhn-coaching.de\/gb\/seminar-aus-zeit\/\" class=\"more-link\">Continue reading<span class=\"screen-reader-text\"> &#8220;Outdoor-Seminar &#8220;Raus in die Natur: Aus-Zeit f\u00fcr mich&#8221;&#8221;<\/span><\/a><\/p>\n","protected":false},"author":3,"featured_media":0,"comment_status":"closed","ping_status":"closed","sticky":false,"template":"","format":"standard","meta":{"footnotes":""},"categories":[1],"tags":[],"class_list":["post-1549","post","type-post","status-publish","format-standard","hentry","category-uncategorized"],"translation":{"provider":"WPGlobus","version":"3.0.2","language":"gb","enabled_languages":["de","gb"],"languages":{"de":{"title":true,"content":true,"excerpt":false},"gb":{"title":false,"content":false,"excerpt":false}}},"yoast_head":"<!-- This site is optimized with the Yoast SEO plugin v27.1.1 - https:\/\/yoast.com\/product\/yoast-seo-wordpress\/ -->\n<title>Outdoor-Seminar &quot;Raus in die Natur: Aus-Zeit f\u00fcr mich&quot; - Andrea Bruhn - Coaching &amp; Training<\/title>\n<meta name=\"robots\" content=\"index, follow, max-snippet:-1, max-image-preview:large, max-video-preview:-1\" \/>\n<link rel=\"canonical\" href=\"https:\/\/bruhn-coaching.de\/seminar-aus-zeit\/\" \/>\n<meta property=\"og:locale\" content=\"en_GB\" \/>\n<meta property=\"og:type\" content=\"article\" \/>\n<meta property=\"og:title\" content=\"Outdoor-Seminar &quot;Raus in die Natur: Aus-Zeit f\u00fcr mich&quot; - Andrea Bruhn %- Coaching &amp; Training&quot;%\" \/>\n<meta property=\"og:url\" content=\"https:\/\/bruhn-coaching.de\/seminar-aus-zeit\/\" \/>\n<meta property=\"og:site_name\" content=\"Andrea Bruhn\" \/>\n<meta property=\"article:published_time\" content=\"2022-01-14T11:08:31+00:00\" \/>\n<meta property=\"article:modified_time\" content=\"2022-08-09T12:27:21+00:00\" \/>\n<meta property=\"og:image\" content=\"https:\/\/bruhn-coaching.de\/wp-content\/uploads\/2022\/08\/Ausschnitt-Wald1-gespiegelt-1024x576.jpg\" \/>\n<meta name=\"author\" content=\"Andrea Bruhn\" \/>\n<meta name=\"twitter:card\" content=\"summary_large_image\" \/>\n<meta name=\"twitter:label1\" content=\"Written by\" \/>\n\t<meta name=\"twitter:data1\" content=\"Andrea Bruhn\" \/>\n\t<meta name=\"twitter:label2\" content=\"Est. reading time\" \/>\n\t<meta name=\"twitter:data2\" content=\"2 minutes\" \/>\n<script type=\"application\/ld+json\" class=\"yoast-schema-graph\">{\"@context\":\"https:\/\/schema.org\",\"@graph\":[{\"@type\":\"Article\",\"@id\":\"https:\/\/bruhn-coaching.de\/seminar-aus-zeit\/#article\",\"isPartOf\":{\"@id\":\"https:\/\/bruhn-coaching.de\/seminar-aus-zeit\/\"},\"author\":{\"name\":\"Andrea Bruhn\",\"@id\":\"https:\/\/bruhn-coaching.de\/#\/schema\/person\/7da6b8f035955cf18fa25d2f971c8fe3\"},\"headline\":\"Outdoor-Seminar &#8220;Raus in die Natur: Aus-Zeit f\u00fcr mich&#8221;\",\"datePublished\":\"2022-01-14T11:08:31+00:00\",\"dateModified\":\"2022-08-09T12:27:21+00:00\",\"mainEntityOfPage\":{\"@id\":\"https:\/\/bruhn-coaching.de\/seminar-aus-zeit\/\"},\"wordCount\":173,\"publisher\":{\"@id\":\"https:\/\/bruhn-coaching.de\/#\/schema\/person\/7da6b8f035955cf18fa25d2f971c8fe3\"},\"image\":{\"@id\":\"https:\/\/bruhn-coaching.de\/seminar-aus-zeit\/#primaryimage\"},\"thumbnailUrl\":\"https:\/\/bruhn-coaching.de\/wp-content\/uploads\/2022\/08\/Ausschnitt-Wald1-gespiegelt-1024x576.jpg\",\"inLanguage\":\"en-GB\"},{\"@type\":\"WebPage\",\"@id\":\"https:\/\/bruhn-coaching.de\/seminar-aus-zeit\/\",\"url\":\"https:\/\/bruhn-coaching.de\/seminar-aus-zeit\/\",\"name\":\"Outdoor-Seminar \\\"Raus in die Natur: Aus-Zeit f\u00fcr mich\\\" - Andrea Bruhn - Coaching & Training\",\"isPartOf\":{\"@id\":\"https:\/\/bruhn-coaching.de\/#website\"},\"primaryImageOfPage\":{\"@id\":\"https:\/\/bruhn-coaching.de\/seminar-aus-zeit\/#primaryimage\"},\"image\":{\"@id\":\"https:\/\/bruhn-coaching.de\/seminar-aus-zeit\/#primaryimage\"},\"thumbnailUrl\":\"https:\/\/bruhn-coaching.de\/wp-content\/uploads\/2022\/08\/Ausschnitt-Wald1-gespiegelt-1024x576.jpg\",\"datePublished\":\"2022-01-14T11:08:31+00:00\",\"dateModified\":\"2022-08-09T12:27:21+00:00\",\"description\":\"G\u00f6nnen Sie sich eine Aus-Zeit mit diesem Seminar im Wald am 2.09.2022 . Kehren Sie danach gekl\u00e4rt und gest\u00e4rkt f\u00fcr Ihren Alltag zur\u00fcck.\",\"breadcrumb\":{\"@id\":\"https:\/\/bruhn-coaching.de\/seminar-aus-zeit\/#breadcrumb\"},\"inLanguage\":\"en-GB\",\"potentialAction\":[{\"@type\":\"ReadAction\",\"target\":[\"https:\/\/bruhn-coaching.de\/seminar-aus-zeit\/\"]}]},{\"@type\":\"ImageObject\",\"inLanguage\":\"en-GB\",\"@id\":\"https:\/\/bruhn-coaching.de\/seminar-aus-zeit\/#primaryimage\",\"url\":\"https:\/\/bruhn-coaching.de\/wp-content\/uploads\/2022\/08\/Ausschnitt-Wald1-gespiegelt-1024x576.jpg\",\"contentUrl\":\"https:\/\/bruhn-coaching.de\/wp-content\/uploads\/2022\/08\/Ausschnitt-Wald1-gespiegelt-1024x576.jpg\"},{\"@type\":\"BreadcrumbList\",\"@id\":\"https:\/\/bruhn-coaching.de\/seminar-aus-zeit\/#breadcrumb\",\"itemListElement\":[{\"@type\":\"ListItem\",\"position\":1,\"name\":\"Startseite\",\"item\":\"https:\/\/bruhn-coaching.de\/\"},{\"@type\":\"ListItem\",\"position\":2,\"name\":\"Outdoor-Seminar &#8222;Raus in die Natur: Aus-Zeit f\u00fcr mich&#8220;\"}]},{\"@type\":\"WebSite\",\"@id\":\"https:\/\/bruhn-coaching.de\/#website\",\"url\":\"https:\/\/bruhn-coaching.de\/\",\"name\":\"Andrea Bruhn\",\"description\":\"Coaching &amp; Training\",\"publisher\":{\"@id\":\"https:\/\/bruhn-coaching.de\/#\/schema\/person\/7da6b8f035955cf18fa25d2f971c8fe3\"},\"potentialAction\":[{\"@type\":\"SearchAction\",\"target\":{\"@type\":\"EntryPoint\",\"urlTemplate\":\"https:\/\/bruhn-coaching.de\/?s={search_term_string}\"},\"query-input\":{\"@type\":\"PropertyValueSpecification\",\"valueRequired\":true,\"valueName\":\"search_term_string\"}}],\"inLanguage\":\"en-GB\"},{\"@type\":[\"Person\",\"Organization\"],\"@id\":\"https:\/\/bruhn-coaching.de\/#\/schema\/person\/7da6b8f035955cf18fa25d2f971c8fe3\",\"name\":\"Andrea Bruhn\",\"image\":{\"@type\":\"ImageObject\",\"inLanguage\":\"en-GB\",\"@id\":\"https:\/\/bruhn-coaching.de\/#\/schema\/person\/image\/\",\"url\":\"https:\/\/bruhn-coaching.de\/wp-content\/uploads\/2018\/09\/cropped-AndreaBruhn_LogoA_180920.png\",\"contentUrl\":\"https:\/\/bruhn-coaching.de\/wp-content\/uploads\/2018\/09\/cropped-AndreaBruhn_LogoA_180920.png\",\"width\":1204,\"height\":250,\"caption\":\"Andrea Bruhn\"},\"logo\":{\"@id\":\"https:\/\/bruhn-coaching.de\/#\/schema\/person\/image\/\"},\"url\":\"https:\/\/bruhn-coaching.de\/gb\/author\/adminandrea\/\"}]}<\/script>\n<!-- \/ Yoast SEO plugin. -->","yoast_head_json":{"title":"Outdoor-Seminar \"Raus in die Natur: Aus-Zeit f\u00fcr mich\" - Andrea Bruhn - Coaching & Training","robots":{"index":"index","follow":"follow","max-snippet":"max-snippet:-1","max-image-preview":"max-image-preview:large","max-video-preview":"max-video-preview:-1"},"canonical":"https:\/\/bruhn-coaching.de\/seminar-aus-zeit\/","og_locale":"en_GB","og_type":"article","og_title":"Outdoor-Seminar \"Raus in die Natur: Aus-Zeit f\u00fcr mich\" - Andrea Bruhn %- Coaching & Training\"%","og_url":"https:\/\/bruhn-coaching.de\/seminar-aus-zeit\/","og_site_name":"Andrea Bruhn","article_published_time":"2022-01-14T11:08:31+00:00","article_modified_time":"2022-08-09T12:27:21+00:00","og_image":[{"url":"https:\/\/bruhn-coaching.de\/wp-content\/uploads\/2022\/08\/Ausschnitt-Wald1-gespiegelt-1024x576.jpg","type":"","width":"","height":""}],"author":"Andrea Bruhn","twitter_card":"summary_large_image","twitter_misc":{"Written by":"Andrea Bruhn","Est. reading time":"2 minutes"},"schema":{"@context":"https:\/\/schema.org","@graph":[{"@type":"Article","@id":"https:\/\/bruhn-coaching.de\/seminar-aus-zeit\/#article","isPartOf":{"@id":"https:\/\/bruhn-coaching.de\/seminar-aus-zeit\/"},"author":{"name":"Andrea Bruhn","@id":"https:\/\/bruhn-coaching.de\/#\/schema\/person\/7da6b8f035955cf18fa25d2f971c8fe3"},"headline":"Outdoor-Seminar &#8220;Raus in die Natur: Aus-Zeit f\u00fcr mich&#8221;","datePublished":"2022-01-14T11:08:31+00:00","dateModified":"2022-08-09T12:27:21+00:00","mainEntityOfPage":{"@id":"https:\/\/bruhn-coaching.de\/seminar-aus-zeit\/"},"wordCount":173,"publisher":{"@id":"https:\/\/bruhn-coaching.de\/#\/schema\/person\/7da6b8f035955cf18fa25d2f971c8fe3"},"image":{"@id":"https:\/\/bruhn-coaching.de\/seminar-aus-zeit\/#primaryimage"},"thumbnailUrl":"https:\/\/bruhn-coaching.de\/wp-content\/uploads\/2022\/08\/Ausschnitt-Wald1-gespiegelt-1024x576.jpg","inLanguage":"en-GB"},{"@type":"WebPage","@id":"https:\/\/bruhn-coaching.de\/seminar-aus-zeit\/","url":"https:\/\/bruhn-coaching.de\/seminar-aus-zeit\/","name":"Outdoor-Seminar \"Raus in die Natur: Aus-Zeit f\u00fcr mich\" - Andrea Bruhn - Coaching & Training","isPartOf":{"@id":"https:\/\/bruhn-coaching.de\/#website"},"primaryImageOfPage":{"@id":"https:\/\/bruhn-coaching.de\/seminar-aus-zeit\/#primaryimage"},"image":{"@id":"https:\/\/bruhn-coaching.de\/seminar-aus-zeit\/#primaryimage"},"thumbnailUrl":"https:\/\/bruhn-coaching.de\/wp-content\/uploads\/2022\/08\/Ausschnitt-Wald1-gespiegelt-1024x576.jpg","datePublished":"2022-01-14T11:08:31+00:00","dateModified":"2022-08-09T12:27:21+00:00","description":"G\u00f6nnen Sie sich eine Aus-Zeit mit diesem Seminar im Wald am 2.09.2022 . Kehren Sie danach gekl\u00e4rt und gest\u00e4rkt f\u00fcr Ihren Alltag zur\u00fcck.","breadcrumb":{"@id":"https:\/\/bruhn-coaching.de\/seminar-aus-zeit\/#breadcrumb"},"inLanguage":"en-GB","potentialAction":[{"@type":"ReadAction","target":["https:\/\/bruhn-coaching.de\/seminar-aus-zeit\/"]}]},{"@type":"ImageObject","inLanguage":"en-GB","@id":"https:\/\/bruhn-coaching.de\/seminar-aus-zeit\/#primaryimage","url":"https:\/\/bruhn-coaching.de\/wp-content\/uploads\/2022\/08\/Ausschnitt-Wald1-gespiegelt-1024x576.jpg","contentUrl":"https:\/\/bruhn-coaching.de\/wp-content\/uploads\/2022\/08\/Ausschnitt-Wald1-gespiegelt-1024x576.jpg"},{"@type":"BreadcrumbList","@id":"https:\/\/bruhn-coaching.de\/seminar-aus-zeit\/#breadcrumb","itemListElement":[{"@type":"ListItem","position":1,"name":"Startseite","item":"https:\/\/bruhn-coaching.de\/"},{"@type":"ListItem","position":2,"name":"Outdoor-Seminar &#8222;Raus in die Natur: Aus-Zeit f\u00fcr mich&#8220;"}]},{"@type":"WebSite","@id":"https:\/\/bruhn-coaching.de\/#website","url":"https:\/\/bruhn-coaching.de\/","name":"Andrea Bruhn","description":"Coaching &amp; Training","publisher":{"@id":"https:\/\/bruhn-coaching.de\/#\/schema\/person\/7da6b8f035955cf18fa25d2f971c8fe3"},"potentialAction":[{"@type":"SearchAction","target":{"@type":"EntryPoint","urlTemplate":"https:\/\/bruhn-coaching.de\/?s={search_term_string}"},"query-input":{"@type":"PropertyValueSpecification","valueRequired":true,"valueName":"search_term_string"}}],"inLanguage":"en-GB"},{"@type":["Person","Organization"],"@id":"https:\/\/bruhn-coaching.de\/#\/schema\/person\/7da6b8f035955cf18fa25d2f971c8fe3","name":"Andrea Bruhn","image":{"@type":"ImageObject","inLanguage":"en-GB","@id":"https:\/\/bruhn-coaching.de\/#\/schema\/person\/image\/","url":"https:\/\/bruhn-coaching.de\/wp-content\/uploads\/2018\/09\/cropped-AndreaBruhn_LogoA_180920.png","contentUrl":"https:\/\/bruhn-coaching.de\/wp-content\/uploads\/2018\/09\/cropped-AndreaBruhn_LogoA_180920.png","width":1204,"height":250,"caption":"Andrea Bruhn"},"logo":{"@id":"https:\/\/bruhn-coaching.de\/#\/schema\/person\/image\/"},"url":"https:\/\/bruhn-coaching.de\/gb\/author\/adminandrea\/"}]}},"_links":{"self":[{"href":"https:\/\/bruhn-coaching.de\/gb\/wp-json\/wp\/v2\/posts\/1549","targetHints":{"allow":["GET"]}}],"collection":[{"href":"https:\/\/bruhn-coaching.de\/gb\/wp-json\/wp\/v2\/posts"}],"about":[{"href":"https:\/\/bruhn-coaching.de\/gb\/wp-json\/wp\/v2\/types\/post"}],"author":[{"embeddable":true,"href":"https:\/\/bruhn-coaching.de\/gb\/wp-json\/wp\/v2\/users\/3"}],"replies":[{"embeddable":true,"href":"https:\/\/bruhn-coaching.de\/gb\/wp-json\/wp\/v2\/comments?post=1549"}],"version-history":[{"count":8,"href":"https:\/\/bruhn-coaching.de\/gb\/wp-json\/wp\/v2\/posts\/1549\/revisions"}],"predecessor-version":[{"id":1682,"href":"https:\/\/bruhn-coaching.de\/gb\/wp-json\/wp\/v2\/posts\/1549\/revisions\/1682"}],"wp:attachment":[{"href":"https:\/\/bruhn-coaching.de\/gb\/wp-json\/wp\/v2\/media?parent=1549"}],"wp:term":[{"taxonomy":"category","embeddable":true,"href":"https:\/\/bruhn-coaching.de\/gb\/wp-json\/wp\/v2\/categories?post=1549"},{"taxonomy":"post_tag","embeddable":true,"href":"https:\/\/bruhn-coaching.de\/gb\/wp-json\/wp\/v2\/tags?post=1549"}],"curies":[{"name":"wp","href":"https:\/\/api.w.org\/{rel}","templated":true}]}}