{"id":1743,"date":"2023-01-13T11:30:16","date_gmt":"2023-01-13T10:30:16","guid":{"rendered":"https:\/\/bruhn-coaching.de\/?p=1743"},"modified":"2023-01-13T11:38:03","modified_gmt":"2023-01-13T10:38:03","slug":"seminar-fruehlingserwachen","status":"publish","type":"post","link":"https:\/\/bruhn-coaching.de\/gb\/seminar-fruehlingserwachen\/","title":{"rendered":"Outdoor-Seminar &#8220;Mit Natur-Coaching in die berufliche Zukunft: Entwicklung und Entfaltung mit den Jahreszeiten: Fr\u00fchlingserwachen&#8221;"},"content":{"rendered":"\n<p>Jede Jahreszeit hat ihre eigenen, besonderen Qualit\u00e4ten. Diese werden zusammen mit Methoden aus dem Business-Coaching zur beruflichen Reflektion, Entwicklung und Entfaltung genutzt. Die Natur wird dabei direkt einbezogen und unterst\u00fctzt den Prozess. Die Termine der Outdoor-Seminarreihe sind einzeln buchbar.<\/p>\n\n\n\n<p>Der Fr\u00fchling ist eine besonders kraftvolle Jahreszeit, voller Energie zum Aufbrechen und Streben nach Licht. Die Jahreszeit l\u00e4dt dazu ein, Ideen entfalten und wachsen zu lassen beziehungsweise Neues anzugehen. In diesem Sinne l\u00e4dt das Natur-Coaching-Seminar Sie ein, Ihr berufliches Ziel zu konkretisieren und Wege zu seiner Erreichung aufzuzeigen.<\/p>\n\n\n\n<figure class=\"wp-block-image size-large\"><img loading=\"lazy\" decoding=\"async\" width=\"1024\" height=\"576\" src=\"https:\/\/bruhn-coaching.de\/wp-content\/uploads\/2023\/01\/2020_04_26_12_20_590255-16zu9-gespiegelt-Logo-oben-1024x576.jpg\" alt=\"\" class=\"wp-image-1755\" srcset=\"https:\/\/bruhn-coaching.de\/wp-content\/uploads\/2023\/01\/2020_04_26_12_20_590255-16zu9-gespiegelt-Logo-oben-1024x576.jpg 1024w, https:\/\/bruhn-coaching.de\/wp-content\/uploads\/2023\/01\/2020_04_26_12_20_590255-16zu9-gespiegelt-Logo-oben-300x169.jpg 300w, https:\/\/bruhn-coaching.de\/wp-content\/uploads\/2023\/01\/2020_04_26_12_20_590255-16zu9-gespiegelt-Logo-oben-768x432.jpg 768w, https:\/\/bruhn-coaching.de\/wp-content\/uploads\/2023\/01\/2020_04_26_12_20_590255-16zu9-gespiegelt-Logo-oben-1536x864.jpg 1536w, https:\/\/bruhn-coaching.de\/wp-content\/uploads\/2023\/01\/2020_04_26_12_20_590255-16zu9-gespiegelt-Logo-oben-2048x1152.jpg 2048w\" sizes=\"auto, (max-width: 767px) 89vw, (max-width: 1000px) 54vw, (max-width: 1071px) 543px, 580px\" \/><\/figure>\n\n\n\n<p><strong>Wann?<\/strong> Samstag, 25. M\u00e4rz 2023 von 10:00 Uhr bis 15:00 Uhr<\/p>\n\n\n\n<p><strong>Wo?<\/strong> Treffpunkt: Parkplatz Hirschsprungallee 2, Stuttgart-Zuffenhausen<\/p>\n\n\n\n<p><strong>Wie?<\/strong> Die <a href=\"https:\/\/www.hospitalhof.de\/programm\/250323-mit-natur-coaching-in-die-berufliche-zukunft\/\" target=\"_blank\" rel=\"noreferrer noopener\">Anmeldung<\/a> erfolgt \u00fcber den <a href=\"https:\/\/www.hospitalhof.de\/\" target=\"_blank\" rel=\"noreferrer noopener\">Hospitalhof Stuttgart<\/a>, Kursnummer 231-165. Die Kursgegb\u00fchr betr\u00e4gt 55,00 \u20ac\/ 50,00 \u20ac bei Buchung bis 11. M\u00e4rz 2023.<\/p>\n\n\n\n<figure class=\"wp-block-image size-full\"><a href=\"https:\/\/www.hospitalhof.de\/\" target=\"_blank\" rel=\"noreferrer noopener\"><img loading=\"lazy\" decoding=\"async\" width=\"472\" height=\"472\" src=\"https:\/\/bruhn-coaching.de\/wp-content\/uploads\/2021\/07\/logo_hospitalhof_cmyk.jpg\" alt=\"\" class=\"wp-image-1464\" srcset=\"https:\/\/bruhn-coaching.de\/wp-content\/uploads\/2021\/07\/logo_hospitalhof_cmyk.jpg 472w, https:\/\/bruhn-coaching.de\/wp-content\/uploads\/2021\/07\/logo_hospitalhof_cmyk-300x300.jpg 300w, https:\/\/bruhn-coaching.de\/wp-content\/uploads\/2021\/07\/logo_hospitalhof_cmyk-150x150.jpg 150w, https:\/\/bruhn-coaching.de\/wp-content\/uploads\/2021\/07\/logo_hospitalhof_cmyk-100x100.jpg 100w\" sizes=\"auto, (max-width: 472px) 100vw, 472px\" \/><\/a><\/figure>\n\n\n\n<p>Zur\u00fcck zu <a href=\"http:\/\/bruhn-coaching.de\/veranstaltungen\">Veranstaltungen<\/a><\/p>\n","protected":false},"excerpt":{"rendered":"<p>Jede Jahreszeit hat ihre eigenen, besonderen Qualit\u00e4ten. Diese werden zusammen mit Methoden aus dem Business-Coaching zur beruflichen Reflektion, Entwicklung und Entfaltung genutzt. Die Natur wird dabei direkt einbezogen und unterst\u00fctzt den Prozess. Die Termine der Outdoor-Seminarreihe sind einzeln buchbar. Der Fr\u00fchling ist eine besonders kraftvolle Jahreszeit, voller Energie zum Aufbrechen und Streben nach Licht. Die &hellip; <\/p>\n<p class=\"link-more\"><a href=\"https:\/\/bruhn-coaching.de\/gb\/seminar-fruehlingserwachen\/\" class=\"more-link\">Continue reading<span class=\"screen-reader-text\"> &#8220;Outdoor-Seminar &#8220;Mit Natur-Coaching in die berufliche Zukunft: Entwicklung und Entfaltung mit den Jahreszeiten: Fr\u00fchlingserwachen&#8221;&#8221;<\/span><\/a><\/p>\n","protected":false},"author":3,"featured_media":0,"comment_status":"closed","ping_status":"closed","sticky":false,"template":"","format":"standard","meta":{"footnotes":""},"categories":[1],"tags":[],"class_list":["post-1743","post","type-post","status-publish","format-standard","hentry","category-uncategorized"],"translation":{"provider":"WPGlobus","version":"3.0.2","language":"gb","enabled_languages":["de","gb"],"languages":{"de":{"title":true,"content":true,"excerpt":false},"gb":{"title":false,"content":false,"excerpt":false}}},"yoast_head":"<!-- This site is optimized with the Yoast SEO plugin v27.1.1 - https:\/\/yoast.com\/product\/yoast-seo-wordpress\/ -->\n<title>Outdoor-Seminar &quot;Mit Natur-Coaching in die berufliche Zukunft: Entwicklung und Entfaltung mit den Jahreszeiten: Fr\u00fchlingserwachen&quot; - Andrea Bruhn - Coaching &amp; Training<\/title>\n<meta name=\"robots\" content=\"index, follow, max-snippet:-1, max-image-preview:large, max-video-preview:-1\" \/>\n<link rel=\"canonical\" href=\"https:\/\/bruhn-coaching.de\/seminar-fruehlingserwachen\/\" \/>\n<meta property=\"og:locale\" content=\"en_GB\" \/>\n<meta property=\"og:type\" content=\"article\" \/>\n<meta property=\"og:title\" content=\"Outdoor-Seminar &quot;Mit Natur-Coaching in die berufliche Zukunft: Entwicklung und Entfaltung mit den Jahreszeiten: Fr\u00fchlingserwachen&quot; - Andrea Bruhn %- Coaching &amp; Training&quot;%\" \/>\n<meta property=\"og:url\" content=\"https:\/\/bruhn-coaching.de\/seminar-fruehlingserwachen\/\" \/>\n<meta property=\"og:site_name\" content=\"Andrea Bruhn\" \/>\n<meta property=\"article:published_time\" content=\"2023-01-13T10:30:16+00:00\" \/>\n<meta property=\"article:modified_time\" content=\"2023-01-13T10:38:03+00:00\" \/>\n<meta property=\"og:image\" content=\"https:\/\/bruhn-coaching.de\/wp-content\/uploads\/2023\/01\/2020_04_26_12_20_590255-16zu9-gespiegelt-Logo-oben-1024x576.jpg\" \/>\n<meta name=\"author\" content=\"Andrea Bruhn\" \/>\n<meta name=\"twitter:card\" content=\"summary_large_image\" \/>\n<meta name=\"twitter:label1\" content=\"Written by\" \/>\n\t<meta name=\"twitter:data1\" content=\"Andrea Bruhn\" \/>\n\t<meta name=\"twitter:label2\" content=\"Est. reading time\" \/>\n\t<meta name=\"twitter:data2\" content=\"2 minutes\" \/>\n<script type=\"application\/ld+json\" class=\"yoast-schema-graph\">{\"@context\":\"https:\/\/schema.org\",\"@graph\":[{\"@type\":\"Article\",\"@id\":\"https:\/\/bruhn-coaching.de\/seminar-fruehlingserwachen\/#article\",\"isPartOf\":{\"@id\":\"https:\/\/bruhn-coaching.de\/seminar-fruehlingserwachen\/\"},\"author\":{\"name\":\"Andrea Bruhn\",\"@id\":\"https:\/\/bruhn-coaching.de\/#\/schema\/person\/7da6b8f035955cf18fa25d2f971c8fe3\"},\"headline\":\"Outdoor-Seminar &#8220;Mit Natur-Coaching in die berufliche Zukunft: Entwicklung und Entfaltung mit den Jahreszeiten: Fr\u00fchlingserwachen&#8221;\",\"datePublished\":\"2023-01-13T10:30:16+00:00\",\"dateModified\":\"2023-01-13T10:38:03+00:00\",\"mainEntityOfPage\":{\"@id\":\"https:\/\/bruhn-coaching.de\/seminar-fruehlingserwachen\/\"},\"wordCount\":144,\"publisher\":{\"@id\":\"https:\/\/bruhn-coaching.de\/#\/schema\/person\/7da6b8f035955cf18fa25d2f971c8fe3\"},\"image\":{\"@id\":\"https:\/\/bruhn-coaching.de\/seminar-fruehlingserwachen\/#primaryimage\"},\"thumbnailUrl\":\"https:\/\/bruhn-coaching.de\/wp-content\/uploads\/2023\/01\/2020_04_26_12_20_590255-16zu9-gespiegelt-Logo-oben-1024x576.jpg\",\"inLanguage\":\"en-GB\"},{\"@type\":\"WebPage\",\"@id\":\"https:\/\/bruhn-coaching.de\/seminar-fruehlingserwachen\/\",\"url\":\"https:\/\/bruhn-coaching.de\/seminar-fruehlingserwachen\/\",\"name\":\"Outdoor-Seminar \\\"Mit Natur-Coaching in die berufliche Zukunft: Entwicklung und Entfaltung mit den Jahreszeiten: Fr\u00fchlingserwachen\\\" - Andrea Bruhn - Coaching & Training\",\"isPartOf\":{\"@id\":\"https:\/\/bruhn-coaching.de\/#website\"},\"primaryImageOfPage\":{\"@id\":\"https:\/\/bruhn-coaching.de\/seminar-fruehlingserwachen\/#primaryimage\"},\"image\":{\"@id\":\"https:\/\/bruhn-coaching.de\/seminar-fruehlingserwachen\/#primaryimage\"},\"thumbnailUrl\":\"https:\/\/bruhn-coaching.de\/wp-content\/uploads\/2023\/01\/2020_04_26_12_20_590255-16zu9-gespiegelt-Logo-oben-1024x576.jpg\",\"datePublished\":\"2023-01-13T10:30:16+00:00\",\"dateModified\":\"2023-01-13T10:38:03+00:00\",\"description\":\"In diesem Natur-Coaching-Seminar k\u00f6nnen Sie Ihr berufliches Ziel konkretisieren und Wege zu seiner Erreichung erkunden.\",\"breadcrumb\":{\"@id\":\"https:\/\/bruhn-coaching.de\/seminar-fruehlingserwachen\/#breadcrumb\"},\"inLanguage\":\"en-GB\",\"potentialAction\":[{\"@type\":\"ReadAction\",\"target\":[\"https:\/\/bruhn-coaching.de\/seminar-fruehlingserwachen\/\"]}]},{\"@type\":\"ImageObject\",\"inLanguage\":\"en-GB\",\"@id\":\"https:\/\/bruhn-coaching.de\/seminar-fruehlingserwachen\/#primaryimage\",\"url\":\"https:\/\/bruhn-coaching.de\/wp-content\/uploads\/2023\/01\/2020_04_26_12_20_590255-16zu9-gespiegelt-Logo-oben-1024x576.jpg\",\"contentUrl\":\"https:\/\/bruhn-coaching.de\/wp-content\/uploads\/2023\/01\/2020_04_26_12_20_590255-16zu9-gespiegelt-Logo-oben-1024x576.jpg\"},{\"@type\":\"BreadcrumbList\",\"@id\":\"https:\/\/bruhn-coaching.de\/seminar-fruehlingserwachen\/#breadcrumb\",\"itemListElement\":[{\"@type\":\"ListItem\",\"position\":1,\"name\":\"Startseite\",\"item\":\"https:\/\/bruhn-coaching.de\/\"},{\"@type\":\"ListItem\",\"position\":2,\"name\":\"Outdoor-Seminar &#8222;Mit Natur-Coaching in die berufliche Zukunft: Entwicklung und Entfaltung mit den Jahreszeiten: Fr\u00fchlingserwachen&#8220;\"}]},{\"@type\":\"WebSite\",\"@id\":\"https:\/\/bruhn-coaching.de\/#website\",\"url\":\"https:\/\/bruhn-coaching.de\/\",\"name\":\"Andrea Bruhn\",\"description\":\"Coaching &amp; Training\",\"publisher\":{\"@id\":\"https:\/\/bruhn-coaching.de\/#\/schema\/person\/7da6b8f035955cf18fa25d2f971c8fe3\"},\"potentialAction\":[{\"@type\":\"SearchAction\",\"target\":{\"@type\":\"EntryPoint\",\"urlTemplate\":\"https:\/\/bruhn-coaching.de\/?s={search_term_string}\"},\"query-input\":{\"@type\":\"PropertyValueSpecification\",\"valueRequired\":true,\"valueName\":\"search_term_string\"}}],\"inLanguage\":\"en-GB\"},{\"@type\":[\"Person\",\"Organization\"],\"@id\":\"https:\/\/bruhn-coaching.de\/#\/schema\/person\/7da6b8f035955cf18fa25d2f971c8fe3\",\"name\":\"Andrea Bruhn\",\"image\":{\"@type\":\"ImageObject\",\"inLanguage\":\"en-GB\",\"@id\":\"https:\/\/bruhn-coaching.de\/#\/schema\/person\/image\/\",\"url\":\"https:\/\/bruhn-coaching.de\/wp-content\/uploads\/2018\/09\/cropped-AndreaBruhn_LogoA_180920.png\",\"contentUrl\":\"https:\/\/bruhn-coaching.de\/wp-content\/uploads\/2018\/09\/cropped-AndreaBruhn_LogoA_180920.png\",\"width\":1204,\"height\":250,\"caption\":\"Andrea Bruhn\"},\"logo\":{\"@id\":\"https:\/\/bruhn-coaching.de\/#\/schema\/person\/image\/\"},\"url\":\"https:\/\/bruhn-coaching.de\/gb\/author\/adminandrea\/\"}]}<\/script>\n<!-- \/ Yoast SEO plugin. -->","yoast_head_json":{"title":"Outdoor-Seminar \"Mit Natur-Coaching in die berufliche Zukunft: Entwicklung und Entfaltung mit den Jahreszeiten: Fr\u00fchlingserwachen\" - Andrea Bruhn - Coaching & Training","robots":{"index":"index","follow":"follow","max-snippet":"max-snippet:-1","max-image-preview":"max-image-preview:large","max-video-preview":"max-video-preview:-1"},"canonical":"https:\/\/bruhn-coaching.de\/seminar-fruehlingserwachen\/","og_locale":"en_GB","og_type":"article","og_title":"Outdoor-Seminar \"Mit Natur-Coaching in die berufliche Zukunft: Entwicklung und Entfaltung mit den Jahreszeiten: Fr\u00fchlingserwachen\" - Andrea Bruhn %- Coaching & Training\"%","og_url":"https:\/\/bruhn-coaching.de\/seminar-fruehlingserwachen\/","og_site_name":"Andrea Bruhn","article_published_time":"2023-01-13T10:30:16+00:00","article_modified_time":"2023-01-13T10:38:03+00:00","og_image":[{"url":"https:\/\/bruhn-coaching.de\/wp-content\/uploads\/2023\/01\/2020_04_26_12_20_590255-16zu9-gespiegelt-Logo-oben-1024x576.jpg","type":"","width":"","height":""}],"author":"Andrea Bruhn","twitter_card":"summary_large_image","twitter_misc":{"Written by":"Andrea Bruhn","Est. reading time":"2 minutes"},"schema":{"@context":"https:\/\/schema.org","@graph":[{"@type":"Article","@id":"https:\/\/bruhn-coaching.de\/seminar-fruehlingserwachen\/#article","isPartOf":{"@id":"https:\/\/bruhn-coaching.de\/seminar-fruehlingserwachen\/"},"author":{"name":"Andrea Bruhn","@id":"https:\/\/bruhn-coaching.de\/#\/schema\/person\/7da6b8f035955cf18fa25d2f971c8fe3"},"headline":"Outdoor-Seminar &#8220;Mit Natur-Coaching in die berufliche Zukunft: Entwicklung und Entfaltung mit den Jahreszeiten: Fr\u00fchlingserwachen&#8221;","datePublished":"2023-01-13T10:30:16+00:00","dateModified":"2023-01-13T10:38:03+00:00","mainEntityOfPage":{"@id":"https:\/\/bruhn-coaching.de\/seminar-fruehlingserwachen\/"},"wordCount":144,"publisher":{"@id":"https:\/\/bruhn-coaching.de\/#\/schema\/person\/7da6b8f035955cf18fa25d2f971c8fe3"},"image":{"@id":"https:\/\/bruhn-coaching.de\/seminar-fruehlingserwachen\/#primaryimage"},"thumbnailUrl":"https:\/\/bruhn-coaching.de\/wp-content\/uploads\/2023\/01\/2020_04_26_12_20_590255-16zu9-gespiegelt-Logo-oben-1024x576.jpg","inLanguage":"en-GB"},{"@type":"WebPage","@id":"https:\/\/bruhn-coaching.de\/seminar-fruehlingserwachen\/","url":"https:\/\/bruhn-coaching.de\/seminar-fruehlingserwachen\/","name":"Outdoor-Seminar \"Mit Natur-Coaching in die berufliche Zukunft: Entwicklung und Entfaltung mit den Jahreszeiten: Fr\u00fchlingserwachen\" - Andrea Bruhn - Coaching & Training","isPartOf":{"@id":"https:\/\/bruhn-coaching.de\/#website"},"primaryImageOfPage":{"@id":"https:\/\/bruhn-coaching.de\/seminar-fruehlingserwachen\/#primaryimage"},"image":{"@id":"https:\/\/bruhn-coaching.de\/seminar-fruehlingserwachen\/#primaryimage"},"thumbnailUrl":"https:\/\/bruhn-coaching.de\/wp-content\/uploads\/2023\/01\/2020_04_26_12_20_590255-16zu9-gespiegelt-Logo-oben-1024x576.jpg","datePublished":"2023-01-13T10:30:16+00:00","dateModified":"2023-01-13T10:38:03+00:00","description":"In diesem Natur-Coaching-Seminar k\u00f6nnen Sie Ihr berufliches Ziel konkretisieren und Wege zu seiner Erreichung erkunden.","breadcrumb":{"@id":"https:\/\/bruhn-coaching.de\/seminar-fruehlingserwachen\/#breadcrumb"},"inLanguage":"en-GB","potentialAction":[{"@type":"ReadAction","target":["https:\/\/bruhn-coaching.de\/seminar-fruehlingserwachen\/"]}]},{"@type":"ImageObject","inLanguage":"en-GB","@id":"https:\/\/bruhn-coaching.de\/seminar-fruehlingserwachen\/#primaryimage","url":"https:\/\/bruhn-coaching.de\/wp-content\/uploads\/2023\/01\/2020_04_26_12_20_590255-16zu9-gespiegelt-Logo-oben-1024x576.jpg","contentUrl":"https:\/\/bruhn-coaching.de\/wp-content\/uploads\/2023\/01\/2020_04_26_12_20_590255-16zu9-gespiegelt-Logo-oben-1024x576.jpg"},{"@type":"BreadcrumbList","@id":"https:\/\/bruhn-coaching.de\/seminar-fruehlingserwachen\/#breadcrumb","itemListElement":[{"@type":"ListItem","position":1,"name":"Startseite","item":"https:\/\/bruhn-coaching.de\/"},{"@type":"ListItem","position":2,"name":"Outdoor-Seminar &#8222;Mit Natur-Coaching in die berufliche Zukunft: Entwicklung und Entfaltung mit den Jahreszeiten: Fr\u00fchlingserwachen&#8220;"}]},{"@type":"WebSite","@id":"https:\/\/bruhn-coaching.de\/#website","url":"https:\/\/bruhn-coaching.de\/","name":"Andrea Bruhn","description":"Coaching &amp; Training","publisher":{"@id":"https:\/\/bruhn-coaching.de\/#\/schema\/person\/7da6b8f035955cf18fa25d2f971c8fe3"},"potentialAction":[{"@type":"SearchAction","target":{"@type":"EntryPoint","urlTemplate":"https:\/\/bruhn-coaching.de\/?s={search_term_string}"},"query-input":{"@type":"PropertyValueSpecification","valueRequired":true,"valueName":"search_term_string"}}],"inLanguage":"en-GB"},{"@type":["Person","Organization"],"@id":"https:\/\/bruhn-coaching.de\/#\/schema\/person\/7da6b8f035955cf18fa25d2f971c8fe3","name":"Andrea Bruhn","image":{"@type":"ImageObject","inLanguage":"en-GB","@id":"https:\/\/bruhn-coaching.de\/#\/schema\/person\/image\/","url":"https:\/\/bruhn-coaching.de\/wp-content\/uploads\/2018\/09\/cropped-AndreaBruhn_LogoA_180920.png","contentUrl":"https:\/\/bruhn-coaching.de\/wp-content\/uploads\/2018\/09\/cropped-AndreaBruhn_LogoA_180920.png","width":1204,"height":250,"caption":"Andrea Bruhn"},"logo":{"@id":"https:\/\/bruhn-coaching.de\/#\/schema\/person\/image\/"},"url":"https:\/\/bruhn-coaching.de\/gb\/author\/adminandrea\/"}]}},"_links":{"self":[{"href":"https:\/\/bruhn-coaching.de\/gb\/wp-json\/wp\/v2\/posts\/1743","targetHints":{"allow":["GET"]}}],"collection":[{"href":"https:\/\/bruhn-coaching.de\/gb\/wp-json\/wp\/v2\/posts"}],"about":[{"href":"https:\/\/bruhn-coaching.de\/gb\/wp-json\/wp\/v2\/types\/post"}],"author":[{"embeddable":true,"href":"https:\/\/bruhn-coaching.de\/gb\/wp-json\/wp\/v2\/users\/3"}],"replies":[{"embeddable":true,"href":"https:\/\/bruhn-coaching.de\/gb\/wp-json\/wp\/v2\/comments?post=1743"}],"version-history":[{"count":4,"href":"https:\/\/bruhn-coaching.de\/gb\/wp-json\/wp\/v2\/posts\/1743\/revisions"}],"predecessor-version":[{"id":1756,"href":"https:\/\/bruhn-coaching.de\/gb\/wp-json\/wp\/v2\/posts\/1743\/revisions\/1756"}],"wp:attachment":[{"href":"https:\/\/bruhn-coaching.de\/gb\/wp-json\/wp\/v2\/media?parent=1743"}],"wp:term":[{"taxonomy":"category","embeddable":true,"href":"https:\/\/bruhn-coaching.de\/gb\/wp-json\/wp\/v2\/categories?post=1743"},{"taxonomy":"post_tag","embeddable":true,"href":"https:\/\/bruhn-coaching.de\/gb\/wp-json\/wp\/v2\/tags?post=1743"}],"curies":[{"name":"wp","href":"https:\/\/api.w.org\/{rel}","templated":true}]}}