{"id":317,"date":"2018-09-20T21:09:57","date_gmt":"2018-09-20T19:09:57","guid":{"rendered":"https:\/\/bruhn-coaching.de\/?p=317"},"modified":"2026-08-28T18:51:09","modified_gmt":"2026-08-28T16:51:09","slug":"fuer-privatpersonen","status":"publish","type":"post","link":"https:\/\/bruhn-coaching.de\/gb\/fuer-privatpersonen\/","title":{"rendered":"For individuals"},"content":{"rendered":"\n<p class=\"wp-block-paragraph\">I offer coaching and workshops for individuals in the greater Stuttgart and Karlsruhe area.<\/p>\n\n\n\n<ul class=\"wp-block-list\">\n<li>Are you thinking of making changes in your private or professional life?<\/li>\n\n\n\n<li>Is a new chapter of your life opening up and you are not quite sure how to shape it?<\/li>\n\n\n\n<li>Do you want to take on life with great vigour but feel somehow restrained?<\/li>\n<\/ul>\n\n\n\n<p class=\"wp-block-paragraph\">With me you will find the space to<\/p>\n\n\n\n<ul class=\"wp-block-list\">\n<li>pause &amp; reflect,<\/li>\n\n\n\n<li>move forward &amp; grow and<\/li>\n\n\n\n<li>step into your full potential.<\/li>\n<\/ul>\n\n\n\n<p class=\"wp-block-paragraph\">Feel free to <a href=\"https:\/\/bruhn-coaching.de\/gb\/kontakt\">contact<\/a> me for<\/p>\n\n\n\n<ul class=\"wp-block-list\">\n<li>life and business <a href=\"https:\/\/bruhn-coaching.de\/gb\/coaching\" target=\"_blank\" rel=\"noreferrer noopener\">coaching<\/a> online and indoor,<\/li>\n\n\n\n<li><a href=\"https:\/\/bruhn-coaching.de\/gb\/natur-coaching\" data-type=\"link\" data-id=\"bruhn-coaching.de\/natur-coaching\">outdoor coaching<\/a> und<\/li>\n\n\n\n<li><a href=\"https:\/\/bruhn-coaching.de\/gb\/veranstaltungen\">workshops<\/a> on various topics.<\/li>\n<\/ul>\n\n\n\n<p class=\"wp-block-paragraph\">I am based in <a href=\"https:\/\/www.schoemberg.de\">Sch\u00f6mberg<\/a>, a health resort with a therapeutic climate in the northern Black Forest (Calw District).<\/p>\n\n\n\n<figure class=\"wp-block-gallery has-nested-images columns-default is-cropped wp-block-gallery-1 is-layout-flex wp-block-gallery-is-layout-flex\">\n<figure class=\"wp-block-image size-large\"><img loading=\"lazy\" decoding=\"async\" width=\"1024\" height=\"768\" data-id=\"2742\" src=\"https:\/\/bruhn-coaching.de\/wp-content\/uploads\/2018\/09\/IMG_20260826_094305-1-1024x768.jpg\" alt=\"The photograph shows Andrea Bruhn\u2019s coaching room in Sch\u00f6mberg (Calw district) and represents coaching services for individuals in the greater Stuttgart and Karlsruhe area.\" class=\"wp-image-2742\" srcset=\"https:\/\/bruhn-coaching.de\/wp-content\/uploads\/2018\/09\/IMG_20260826_094305-1-1024x768.jpg 1024w, https:\/\/bruhn-coaching.de\/wp-content\/uploads\/2018\/09\/IMG_20260826_094305-1-300x225.jpg 300w, https:\/\/bruhn-coaching.de\/wp-content\/uploads\/2018\/09\/IMG_20260826_094305-1-768x576.jpg 768w, https:\/\/bruhn-coaching.de\/wp-content\/uploads\/2018\/09\/IMG_20260826_094305-1-1536x1152.jpg 1536w, https:\/\/bruhn-coaching.de\/wp-content\/uploads\/2018\/09\/IMG_20260826_094305-1-2048x1536.jpg 2048w\" sizes=\"auto, (max-width: 767px) 89vw, (max-width: 1000px) 54vw, (max-width: 1071px) 543px, 580px\" \/><\/figure>\n\n\n\n<figure class=\"wp-block-image size-large\"><img loading=\"lazy\" decoding=\"async\" width=\"1024\" height=\"583\" data-id=\"2744\" src=\"https:\/\/bruhn-coaching.de\/wp-content\/uploads\/2026\/08\/1000019602-edited-1024x583.jpg\" alt=\"The photograph shows a forest clearing with seating arranged in a circle, backpacks and writing material. The image represents workshops and coaching for individuals in the greater Stuttgart and Karlsruhe area.\" class=\"wp-image-2744\" srcset=\"https:\/\/bruhn-coaching.de\/wp-content\/uploads\/2026\/08\/1000019602-edited-1024x583.jpg 1024w, https:\/\/bruhn-coaching.de\/wp-content\/uploads\/2026\/08\/1000019602-edited-300x171.jpg 300w, https:\/\/bruhn-coaching.de\/wp-content\/uploads\/2026\/08\/1000019602-edited-768x437.jpg 768w, https:\/\/bruhn-coaching.de\/wp-content\/uploads\/2026\/08\/1000019602-edited-1536x874.jpg 1536w, https:\/\/bruhn-coaching.de\/wp-content\/uploads\/2026\/08\/1000019602-edited-2048x1166.jpg 2048w\" sizes=\"auto, (max-width: 767px) 89vw, (max-width: 1000px) 54vw, (max-width: 1071px) 543px, 580px\" \/><\/figure>\n<\/figure>\n","protected":false},"excerpt":{"rendered":"<p>I offer coaching and workshops for individuals in the greater Stuttgart and Karlsruhe area. With me you will find the space to Feel free to contact me for I am based in Sch\u00f6mberg, a health resort with a therapeutic climate in the northern Black Forest (Calw District).<\/p>\n","protected":false},"author":3,"featured_media":0,"comment_status":"closed","ping_status":"closed","sticky":false,"template":"","format":"standard","meta":{"footnotes":""},"categories":[27],"tags":[36,42,37,40,39],"class_list":["post-317","post","type-post","status-publish","format-standard","hentry","category-fuer-privatpersonen","tag-angebote-in-der-natur","tag-kommunikation","tag-persoenlichkeitsentwicklung","tag-resilienzstaerkung","tag-selbstwirksamkeit"],"translation":{"provider":"WPGlobus","version":"3.0.5","language":"gb","enabled_languages":["de","gb"],"languages":{"de":{"title":true,"content":true,"excerpt":false},"gb":{"title":true,"content":true,"excerpt":false}}},"yoast_head":"<!-- This site is optimized with the Yoast SEO plugin v28.3 - https:\/\/yoast.com\/product\/yoast-seo-wordpress\/ -->\n<title>For individuals - Andrea Bruhn - Coaching &amp; Training<\/title>\n<meta name=\"description\" content=\"Are you thinking of making changes in your private or professional life? I offer coaching and workshops for individuals in the Stuttgart and Karlsruhe area.\" \/>\n<meta name=\"robots\" content=\"index, follow, max-snippet:-1, max-image-preview:large, max-video-preview:-1\" \/>\n<link rel=\"canonical\" href=\"https:\/\/bruhn-coaching.de\/fuer-privatpersonen\/\" \/>\n<meta property=\"og:locale\" content=\"en_GB\" \/>\n<meta property=\"og:type\" content=\"article\" \/>\n<meta property=\"og:title\" content=\"For individuals - Andrea Bruhn - Coaching &amp; Training\" \/>\n<meta property=\"og:description\" content=\"Are you thinking of making changes in your private or professional life? I offer coaching and workshops for individuals in the Stuttgart and Karlsruhe area.\" \/>\n<meta property=\"og:url\" content=\"https:\/\/bruhn-coaching.de\/fuer-privatpersonen\/\" \/>\n<meta property=\"og:site_name\" content=\"Andrea Bruhn\" \/>\n<meta property=\"article:published_time\" content=\"2018-09-20T19:09:57+00:00\" \/>\n<meta property=\"article:modified_time\" content=\"2026-08-28T16:51:09+00:00\" \/>\n<meta property=\"og:image\" content=\"https:\/\/bruhn-coaching.de\/wp-content\/uploads\/2018\/09\/IMG_20260826_094305-1-scaled.jpg\" \/>\n\t<meta property=\"og:image:width\" content=\"2560\" \/>\n\t<meta property=\"og:image:height\" content=\"1920\" \/>\n\t<meta property=\"og:image:type\" content=\"image\/jpeg\" \/>\n<meta name=\"author\" content=\"Andrea Bruhn\" \/>\n<meta name=\"twitter:card\" content=\"summary_large_image\" \/>\n<meta name=\"twitter:label1\" content=\"Written by\" \/>\n\t<meta name=\"twitter:data1\" content=\"Andrea Bruhn\" \/>\n\t<meta name=\"twitter:label2\" content=\"Est. reading time\" \/>\n\t<meta name=\"twitter:data2\" content=\"1 minute\" \/>\n<script type=\"application\/ld+json\" class=\"yoast-schema-graph\">{\"@context\":\"https:\\\/\\\/schema.org\",\"@graph\":[{\"@type\":\"Article\",\"@id\":\"https:\\\/\\\/bruhn-coaching.de\\\/fuer-privatpersonen\\\/#article\",\"isPartOf\":{\"@id\":\"https:\\\/\\\/bruhn-coaching.de\\\/fuer-privatpersonen\\\/\"},\"author\":{\"name\":\"Andrea Bruhn\",\"@id\":\"https:\\\/\\\/bruhn-coaching.de\\\/#\\\/schema\\\/person\\\/7da6b8f035955cf18fa25d2f971c8fe3\"},\"headline\":\"For individuals\",\"datePublished\":\"2018-09-20T19:09:57+00:00\",\"dateModified\":\"2026-08-28T16:51:09+00:00\",\"mainEntityOfPage\":{\"@id\":\"https:\\\/\\\/bruhn-coaching.de\\\/fuer-privatpersonen\\\/\"},\"wordCount\":235,\"publisher\":{\"@id\":\"https:\\\/\\\/bruhn-coaching.de\\\/#\\\/schema\\\/person\\\/7da6b8f035955cf18fa25d2f971c8fe3\"},\"image\":{\"@id\":\"https:\\\/\\\/bruhn-coaching.de\\\/fuer-privatpersonen\\\/#primaryimage\"},\"thumbnailUrl\":\"https:\\\/\\\/bruhn-coaching.de\\\/wp-content\\\/uploads\\\/2018\\\/09\\\/IMG_20260826_094305-1-1024x768.jpg\",\"keywords\":[\"Angebote in der Natur\",\"Kommunikation\",\"Pers\u00f6nlichkeitsentwicklung\",\"Resilienzst\u00e4rkung\",\"Selbstwirksamkeit\"],\"articleSection\":[\"F\u00fcr Privatpersonen\"],\"inLanguage\":\"en-GB\"},{\"@type\":\"WebPage\",\"@id\":\"https:\\\/\\\/bruhn-coaching.de\\\/fuer-privatpersonen\\\/\",\"url\":\"https:\\\/\\\/bruhn-coaching.de\\\/fuer-privatpersonen\\\/\",\"name\":\"For individuals - Andrea Bruhn - Coaching & Training\",\"isPartOf\":{\"@id\":\"https:\\\/\\\/bruhn-coaching.de\\\/#website\"},\"primaryImageOfPage\":{\"@id\":\"https:\\\/\\\/bruhn-coaching.de\\\/fuer-privatpersonen\\\/#primaryimage\"},\"image\":{\"@id\":\"https:\\\/\\\/bruhn-coaching.de\\\/fuer-privatpersonen\\\/#primaryimage\"},\"thumbnailUrl\":\"https:\\\/\\\/bruhn-coaching.de\\\/wp-content\\\/uploads\\\/2018\\\/09\\\/IMG_20260826_094305-1-1024x768.jpg\",\"datePublished\":\"2018-09-20T19:09:57+00:00\",\"dateModified\":\"2026-08-28T16:51:09+00:00\",\"description\":\"Denken Sie an Ver\u00e4nderungen im beruflichen oder privaten Bereich? Ich biete Coaching und Workshops f\u00fcr Privatpersonen im Raum Stuttgart und Karlsruhe.\",\"breadcrumb\":{\"@id\":\"https:\\\/\\\/bruhn-coaching.de\\\/fuer-privatpersonen\\\/#breadcrumb\"},\"inLanguage\":\"en-GB\",\"potentialAction\":[{\"@type\":\"ReadAction\",\"target\":[\"https:\\\/\\\/bruhn-coaching.de\\\/fuer-privatpersonen\\\/\"]}]},{\"@type\":\"ImageObject\",\"inLanguage\":\"en-GB\",\"@id\":\"https:\\\/\\\/bruhn-coaching.de\\\/fuer-privatpersonen\\\/#primaryimage\",\"url\":\"https:\\\/\\\/bruhn-coaching.de\\\/wp-content\\\/uploads\\\/2018\\\/09\\\/IMG_20260826_094305-1-1024x768.jpg\",\"contentUrl\":\"https:\\\/\\\/bruhn-coaching.de\\\/wp-content\\\/uploads\\\/2018\\\/09\\\/IMG_20260826_094305-1-1024x768.jpg\"},{\"@type\":\"BreadcrumbList\",\"@id\":\"https:\\\/\\\/bruhn-coaching.de\\\/fuer-privatpersonen\\\/#breadcrumb\",\"itemListElement\":[{\"@type\":\"ListItem\",\"position\":1,\"name\":\"Startseite\",\"item\":\"https:\\\/\\\/bruhn-coaching.de\\\/\"},{\"@type\":\"ListItem\",\"position\":2,\"name\":\"F\u00fcr Privatpersonen\"}]},{\"@type\":\"WebSite\",\"@id\":\"https:\\\/\\\/bruhn-coaching.de\\\/#website\",\"url\":\"https:\\\/\\\/bruhn-coaching.de\\\/\",\"name\":\"Andrea Bruhn\",\"description\":\"Coaching &amp; Training\",\"publisher\":{\"@id\":\"https:\\\/\\\/bruhn-coaching.de\\\/#\\\/schema\\\/person\\\/7da6b8f035955cf18fa25d2f971c8fe3\"},\"potentialAction\":[{\"@type\":\"SearchAction\",\"target\":{\"@type\":\"EntryPoint\",\"urlTemplate\":\"https:\\\/\\\/bruhn-coaching.de\\\/?s={search_term_string}\"},\"query-input\":{\"@type\":\"PropertyValueSpecification\",\"valueRequired\":true,\"valueName\":\"search_term_string\"}}],\"inLanguage\":\"en-GB\"},{\"@type\":[\"Person\",\"Organization\"],\"@id\":\"https:\\\/\\\/bruhn-coaching.de\\\/#\\\/schema\\\/person\\\/7da6b8f035955cf18fa25d2f971c8fe3\",\"name\":\"Andrea Bruhn\",\"image\":{\"@type\":\"ImageObject\",\"inLanguage\":\"en-GB\",\"@id\":\"https:\\\/\\\/bruhn-coaching.de\\\/wp-content\\\/uploads\\\/2018\\\/09\\\/cropped-AndreaBruhn_LogoA_180920.png\",\"url\":\"https:\\\/\\\/bruhn-coaching.de\\\/wp-content\\\/uploads\\\/2018\\\/09\\\/cropped-AndreaBruhn_LogoA_180920.png\",\"contentUrl\":\"https:\\\/\\\/bruhn-coaching.de\\\/wp-content\\\/uploads\\\/2018\\\/09\\\/cropped-AndreaBruhn_LogoA_180920.png\",\"width\":1204,\"height\":250,\"caption\":\"Andrea Bruhn\"},\"logo\":{\"@id\":\"https:\\\/\\\/bruhn-coaching.de\\\/wp-content\\\/uploads\\\/2018\\\/09\\\/cropped-AndreaBruhn_LogoA_180920.png\"},\"url\":\"https:\\\/\\\/bruhn-coaching.de\\\/gb\\\/author\\\/adminandrea\\\/\"}]}<\/script>\n<!-- \/ Yoast SEO plugin. -->","yoast_head_json":{"title":"For individuals - Andrea Bruhn - Coaching & Training","description":"Are you thinking of making changes in your private or professional life? I offer coaching and workshops for individuals in the Stuttgart and Karlsruhe area.","robots":{"index":"index","follow":"follow","max-snippet":"max-snippet:-1","max-image-preview":"max-image-preview:large","max-video-preview":"max-video-preview:-1"},"canonical":"https:\/\/bruhn-coaching.de\/fuer-privatpersonen\/","og_locale":"en_GB","og_type":"article","og_title":"For individuals - Andrea Bruhn - Coaching & Training","og_description":"Are you thinking of making changes in your private or professional life? I offer coaching and workshops for individuals in the Stuttgart and Karlsruhe area.","og_url":"https:\/\/bruhn-coaching.de\/fuer-privatpersonen\/","og_site_name":"Andrea Bruhn","article_published_time":"2018-09-20T19:09:57+00:00","article_modified_time":"2026-08-28T16:51:09+00:00","og_image":[{"width":2560,"height":1920,"url":"https:\/\/bruhn-coaching.de\/wp-content\/uploads\/2018\/09\/IMG_20260826_094305-1-scaled.jpg","type":"image\/jpeg"}],"author":"Andrea Bruhn","twitter_card":"summary_large_image","twitter_misc":{"Written by":"Andrea Bruhn","Est. reading time":"1 minute"},"schema":{"@context":"https:\/\/schema.org","@graph":[{"@type":"Article","@id":"https:\/\/bruhn-coaching.de\/fuer-privatpersonen\/#article","isPartOf":{"@id":"https:\/\/bruhn-coaching.de\/fuer-privatpersonen\/"},"author":{"name":"Andrea Bruhn","@id":"https:\/\/bruhn-coaching.de\/#\/schema\/person\/7da6b8f035955cf18fa25d2f971c8fe3"},"headline":"For individuals","datePublished":"2018-09-20T19:09:57+00:00","dateModified":"2026-08-28T16:51:09+00:00","mainEntityOfPage":{"@id":"https:\/\/bruhn-coaching.de\/fuer-privatpersonen\/"},"wordCount":235,"publisher":{"@id":"https:\/\/bruhn-coaching.de\/#\/schema\/person\/7da6b8f035955cf18fa25d2f971c8fe3"},"image":{"@id":"https:\/\/bruhn-coaching.de\/fuer-privatpersonen\/#primaryimage"},"thumbnailUrl":"https:\/\/bruhn-coaching.de\/wp-content\/uploads\/2018\/09\/IMG_20260826_094305-1-1024x768.jpg","keywords":["Angebote in der Natur","Kommunikation","Pers\u00f6nlichkeitsentwicklung","Resilienzst\u00e4rkung","Selbstwirksamkeit"],"articleSection":["F\u00fcr Privatpersonen"],"inLanguage":"en-GB"},{"@type":"WebPage","@id":"https:\/\/bruhn-coaching.de\/fuer-privatpersonen\/","url":"https:\/\/bruhn-coaching.de\/fuer-privatpersonen\/","name":"For individuals - Andrea Bruhn - Coaching & Training","isPartOf":{"@id":"https:\/\/bruhn-coaching.de\/#website"},"primaryImageOfPage":{"@id":"https:\/\/bruhn-coaching.de\/fuer-privatpersonen\/#primaryimage"},"image":{"@id":"https:\/\/bruhn-coaching.de\/fuer-privatpersonen\/#primaryimage"},"thumbnailUrl":"https:\/\/bruhn-coaching.de\/wp-content\/uploads\/2018\/09\/IMG_20260826_094305-1-1024x768.jpg","datePublished":"2018-09-20T19:09:57+00:00","dateModified":"2026-08-28T16:51:09+00:00","description":"Denken Sie an Ver\u00e4nderungen im beruflichen oder privaten Bereich? Ich biete Coaching und Workshops f\u00fcr Privatpersonen im Raum Stuttgart und Karlsruhe.","breadcrumb":{"@id":"https:\/\/bruhn-coaching.de\/fuer-privatpersonen\/#breadcrumb"},"inLanguage":"en-GB","potentialAction":[{"@type":"ReadAction","target":["https:\/\/bruhn-coaching.de\/fuer-privatpersonen\/"]}]},{"@type":"ImageObject","inLanguage":"en-GB","@id":"https:\/\/bruhn-coaching.de\/fuer-privatpersonen\/#primaryimage","url":"https:\/\/bruhn-coaching.de\/wp-content\/uploads\/2018\/09\/IMG_20260826_094305-1-1024x768.jpg","contentUrl":"https:\/\/bruhn-coaching.de\/wp-content\/uploads\/2018\/09\/IMG_20260826_094305-1-1024x768.jpg"},{"@type":"BreadcrumbList","@id":"https:\/\/bruhn-coaching.de\/fuer-privatpersonen\/#breadcrumb","itemListElement":[{"@type":"ListItem","position":1,"name":"Startseite","item":"https:\/\/bruhn-coaching.de\/"},{"@type":"ListItem","position":2,"name":"F\u00fcr Privatpersonen"}]},{"@type":"WebSite","@id":"https:\/\/bruhn-coaching.de\/#website","url":"https:\/\/bruhn-coaching.de\/","name":"Andrea Bruhn","description":"Coaching &amp; Training","publisher":{"@id":"https:\/\/bruhn-coaching.de\/#\/schema\/person\/7da6b8f035955cf18fa25d2f971c8fe3"},"potentialAction":[{"@type":"SearchAction","target":{"@type":"EntryPoint","urlTemplate":"https:\/\/bruhn-coaching.de\/?s={search_term_string}"},"query-input":{"@type":"PropertyValueSpecification","valueRequired":true,"valueName":"search_term_string"}}],"inLanguage":"en-GB"},{"@type":["Person","Organization"],"@id":"https:\/\/bruhn-coaching.de\/#\/schema\/person\/7da6b8f035955cf18fa25d2f971c8fe3","name":"Andrea Bruhn","image":{"@type":"ImageObject","inLanguage":"en-GB","@id":"https:\/\/bruhn-coaching.de\/wp-content\/uploads\/2018\/09\/cropped-AndreaBruhn_LogoA_180920.png","url":"https:\/\/bruhn-coaching.de\/wp-content\/uploads\/2018\/09\/cropped-AndreaBruhn_LogoA_180920.png","contentUrl":"https:\/\/bruhn-coaching.de\/wp-content\/uploads\/2018\/09\/cropped-AndreaBruhn_LogoA_180920.png","width":1204,"height":250,"caption":"Andrea Bruhn"},"logo":{"@id":"https:\/\/bruhn-coaching.de\/wp-content\/uploads\/2018\/09\/cropped-AndreaBruhn_LogoA_180920.png"},"url":"https:\/\/bruhn-coaching.de\/gb\/author\/adminandrea\/"}]}},"_links":{"self":[{"href":"https:\/\/bruhn-coaching.de\/gb\/wp-json\/wp\/v2\/posts\/317","targetHints":{"allow":["GET"]}}],"collection":[{"href":"https:\/\/bruhn-coaching.de\/gb\/wp-json\/wp\/v2\/posts"}],"about":[{"href":"https:\/\/bruhn-coaching.de\/gb\/wp-json\/wp\/v2\/types\/post"}],"author":[{"embeddable":true,"href":"https:\/\/bruhn-coaching.de\/gb\/wp-json\/wp\/v2\/users\/3"}],"replies":[{"embeddable":true,"href":"https:\/\/bruhn-coaching.de\/gb\/wp-json\/wp\/v2\/comments?post=317"}],"version-history":[{"count":10,"href":"https:\/\/bruhn-coaching.de\/gb\/wp-json\/wp\/v2\/posts\/317\/revisions"}],"predecessor-version":[{"id":2812,"href":"https:\/\/bruhn-coaching.de\/gb\/wp-json\/wp\/v2\/posts\/317\/revisions\/2812"}],"wp:attachment":[{"href":"https:\/\/bruhn-coaching.de\/gb\/wp-json\/wp\/v2\/media?parent=317"}],"wp:term":[{"taxonomy":"category","embeddable":true,"href":"https:\/\/bruhn-coaching.de\/gb\/wp-json\/wp\/v2\/categories?post=317"},{"taxonomy":"post_tag","embeddable":true,"href":"https:\/\/bruhn-coaching.de\/gb\/wp-json\/wp\/v2\/tags?post=317"}],"curies":[{"name":"wp","href":"https:\/\/api.w.org\/{rel}","templated":true}]}}